{"id":314,"date":"2022-09-26T18:45:23","date_gmt":"2022-09-26T18:45:23","guid":{"rendered":"https:\/\/schuetz-baumaschinen.de\/?p=314"},"modified":"2022-09-26T19:04:25","modified_gmt":"2022-09-26T19:04:25","slug":"der-odenwald-hilft","status":"publish","type":"post","link":"https:\/\/schuetz-baumaschinen.de\/?p=314","title":{"rendered":"Der Odenwald hilft!"},"content":{"rendered":"\n<p>Im Rahmen des Festes der Odenwald Hilft, auf dem Gel\u00e4nde im Gewerbe Park Wunderbar, haben wir einen Teil unseres Fuhrparks rund um Bagger und Anh\u00e4nger ausgestellt. Der Odenwald hilft e.V. unterst\u00fctzt bed\u00fcrftige Menschen aus der Region, Fl\u00fcchtlingen im Odenwaldkreis und engagiert sich in humanit\u00e4ren Notlagen in ganz Deutschland. In Zukunft werden noch weitere Events zur Ausgabe von Sachmitteln stattfinden. Informieren Sie sich gerne unter: https:\/\/odenwald-hilft.de\/ \u00fcber geplante Termine. Wir freuen uns, ein Teil dieses Events gewesen zu sein.<br>Das Wetter lie\u00df leider zu w\u00fcnschen \u00fcbrig, was niemanden der Helfer von toller, \u00fcberzeugter Arbeit abgehalten hat. Danke daf\u00fcr!<\/p>\n\n\n\n<figure class=\"wp-block-gallery has-nested-images columns-default is-cropped wp-block-gallery-1 is-layout-flex wp-block-gallery-is-layout-flex\">\n<figure class=\"wp-block-image size-large\"><img loading=\"lazy\" decoding=\"async\" width=\"997\" height=\"459\" data-id=\"316\" src=\"https:\/\/schuetz-baumaschinen.de\/wp-content\/uploads\/2022\/09\/sb_odenwald_hilft_2.jpeg\" alt=\"\" class=\"wp-image-316\" srcset=\"https:\/\/schuetz-baumaschinen.de\/wp-content\/uploads\/2022\/09\/sb_odenwald_hilft_2.jpeg 997w, https:\/\/schuetz-baumaschinen.de\/wp-content\/uploads\/2022\/09\/sb_odenwald_hilft_2-300x138.jpeg 300w, https:\/\/schuetz-baumaschinen.de\/wp-content\/uploads\/2022\/09\/sb_odenwald_hilft_2-768x354.jpeg 768w, https:\/\/schuetz-baumaschinen.de\/wp-content\/uploads\/2022\/09\/sb_odenwald_hilft_2-600x276.jpeg 600w\" sizes=\"auto, (max-width: 997px) 100vw, 997px\" \/><\/figure>\n\n\n\n<figure class=\"wp-block-image size-large\"><img loading=\"lazy\" decoding=\"async\" width=\"950\" height=\"309\" data-id=\"317\" src=\"https:\/\/schuetz-baumaschinen.de\/wp-content\/uploads\/2022\/09\/sb_odenwald_hilft_1-1.jpeg\" alt=\"\" class=\"wp-image-317\" srcset=\"https:\/\/schuetz-baumaschinen.de\/wp-content\/uploads\/2022\/09\/sb_odenwald_hilft_1-1.jpeg 950w, https:\/\/schuetz-baumaschinen.de\/wp-content\/uploads\/2022\/09\/sb_odenwald_hilft_1-1-300x98.jpeg 300w, https:\/\/schuetz-baumaschinen.de\/wp-content\/uploads\/2022\/09\/sb_odenwald_hilft_1-1-768x250.jpeg 768w, https:\/\/schuetz-baumaschinen.de\/wp-content\/uploads\/2022\/09\/sb_odenwald_hilft_1-1-600x195.jpeg 600w\" sizes=\"auto, (max-width: 950px) 100vw, 950px\" \/><\/figure>\n<\/figure>\n\n\n\n<p><\/p>\n","protected":false},"excerpt":{"rendered":"<p>Im Rahmen des Festes der Odenwald Hilft, auf dem Gel\u00e4nde im Gewerbe Park Wunderbar, haben wir einen Teil unseres Fuhrparks rund um Bagger und Anh\u00e4nger ausgestellt. Der Odenwald hilft e.V. unterst\u00fctzt bed\u00fcrftige Menschen aus der Region, Fl\u00fcchtlingen im Odenwaldkreis und engagiert sich in humanit\u00e4ren Notlagen in ganz Deutschland. In Zukunft werden noch weitere Events zur [&hellip;]<\/p>\n","protected":false},"author":1,"featured_media":0,"comment_status":"open","ping_status":"closed","sticky":true,"template":"","format":"standard","meta":{"footnotes":""},"categories":[3],"tags":[],"class_list":["post-314","post","type-post","status-publish","format-standard","hentry","category-hauptseite"],"yoast_head":"<!-- This site is optimized with the Yoast SEO plugin v27.5 - https:\/\/yoast.com\/product\/yoast-seo-wordpress\/ -->\n<title>Der Odenwald hilft! - Sch\u00fctz Baumaschinen<\/title>\n<meta name=\"description\" content=\"Im Rahmen des Festes der Odenwald Hilft, haben wir einen Teil unseres Fuhrparks rund um Bagger und Anh\u00e4nger ausgestellt.\" \/>\n<meta name=\"robots\" content=\"index, follow, max-snippet:-1, max-image-preview:large, max-video-preview:-1\" \/>\n<link rel=\"canonical\" href=\"https:\/\/schuetz-baumaschinen.de\/?p=314\" \/>\n<meta property=\"og:locale\" content=\"de_DE\" \/>\n<meta property=\"og:type\" content=\"article\" \/>\n<meta property=\"og:title\" content=\"Der Odenwald hilft! - Sch\u00fctz Baumaschinen\" \/>\n<meta property=\"og:description\" content=\"Im Rahmen des Festes der Odenwald Hilft, haben wir einen Teil unseres Fuhrparks rund um Bagger und Anh\u00e4nger ausgestellt.\" \/>\n<meta property=\"og:url\" content=\"https:\/\/schuetz-baumaschinen.de\/?p=314\" \/>\n<meta property=\"og:site_name\" content=\"Sch\u00fctz Baumaschinen\" \/>\n<meta property=\"article:published_time\" content=\"2022-09-26T18:45:23+00:00\" \/>\n<meta property=\"article:modified_time\" content=\"2022-09-26T19:04:25+00:00\" \/>\n<meta property=\"og:image\" content=\"https:\/\/schuetz-baumaschinen.de\/wp-content\/uploads\/2022\/09\/sb_odenwald_hilft_2.jpeg\" \/>\n<meta name=\"author\" content=\"admin\" \/>\n<meta name=\"twitter:card\" content=\"summary_large_image\" \/>\n<meta name=\"twitter:label1\" content=\"Verfasst von\" \/>\n\t<meta name=\"twitter:data1\" content=\"admin\" \/>\n\t<meta name=\"twitter:label2\" content=\"Gesch\u00e4tzte Lesezeit\" \/>\n\t<meta name=\"twitter:data2\" content=\"1\u00a0Minute\" \/>\n<script type=\"application\/ld+json\" class=\"yoast-schema-graph\">{\"@context\":\"https:\\\/\\\/schema.org\",\"@graph\":[{\"@type\":\"Article\",\"@id\":\"https:\\\/\\\/schuetz-baumaschinen.de\\\/?p=314#article\",\"isPartOf\":{\"@id\":\"https:\\\/\\\/schuetz-baumaschinen.de\\\/?p=314\"},\"author\":{\"name\":\"admin\",\"@id\":\"https:\\\/\\\/schuetz-baumaschinen.de\\\/#\\\/schema\\\/person\\\/c6bedc95c149aa0d37e2e5fdcc30f1e1\"},\"headline\":\"Der Odenwald hilft!\",\"datePublished\":\"2022-09-26T18:45:23+00:00\",\"dateModified\":\"2022-09-26T19:04:25+00:00\",\"mainEntityOfPage\":{\"@id\":\"https:\\\/\\\/schuetz-baumaschinen.de\\\/?p=314\"},\"wordCount\":111,\"commentCount\":0,\"publisher\":{\"@id\":\"https:\\\/\\\/schuetz-baumaschinen.de\\\/#organization\"},\"image\":{\"@id\":\"https:\\\/\\\/schuetz-baumaschinen.de\\\/?p=314#primaryimage\"},\"thumbnailUrl\":\"https:\\\/\\\/schuetz-baumaschinen.de\\\/wp-content\\\/uploads\\\/2022\\\/09\\\/sb_odenwald_hilft_2.jpeg\",\"articleSection\":[\"Hauptseite\"],\"inLanguage\":\"de\",\"potentialAction\":[{\"@type\":\"CommentAction\",\"name\":\"Comment\",\"target\":[\"https:\\\/\\\/schuetz-baumaschinen.de\\\/?p=314#respond\"]}]},{\"@type\":\"WebPage\",\"@id\":\"https:\\\/\\\/schuetz-baumaschinen.de\\\/?p=314\",\"url\":\"https:\\\/\\\/schuetz-baumaschinen.de\\\/?p=314\",\"name\":\"Der Odenwald hilft! - Sch\u00fctz Baumaschinen\",\"isPartOf\":{\"@id\":\"https:\\\/\\\/schuetz-baumaschinen.de\\\/#website\"},\"primaryImageOfPage\":{\"@id\":\"https:\\\/\\\/schuetz-baumaschinen.de\\\/?p=314#primaryimage\"},\"image\":{\"@id\":\"https:\\\/\\\/schuetz-baumaschinen.de\\\/?p=314#primaryimage\"},\"thumbnailUrl\":\"https:\\\/\\\/schuetz-baumaschinen.de\\\/wp-content\\\/uploads\\\/2022\\\/09\\\/sb_odenwald_hilft_2.jpeg\",\"datePublished\":\"2022-09-26T18:45:23+00:00\",\"dateModified\":\"2022-09-26T19:04:25+00:00\",\"description\":\"Im Rahmen des Festes der Odenwald Hilft, haben wir einen Teil unseres Fuhrparks rund um Bagger und Anh\u00e4nger ausgestellt.\",\"breadcrumb\":{\"@id\":\"https:\\\/\\\/schuetz-baumaschinen.de\\\/?p=314#breadcrumb\"},\"inLanguage\":\"de\",\"potentialAction\":[{\"@type\":\"ReadAction\",\"target\":[\"https:\\\/\\\/schuetz-baumaschinen.de\\\/?p=314\"]}]},{\"@type\":\"ImageObject\",\"inLanguage\":\"de\",\"@id\":\"https:\\\/\\\/schuetz-baumaschinen.de\\\/?p=314#primaryimage\",\"url\":\"https:\\\/\\\/schuetz-baumaschinen.de\\\/wp-content\\\/uploads\\\/2022\\\/09\\\/sb_odenwald_hilft_2.jpeg\",\"contentUrl\":\"https:\\\/\\\/schuetz-baumaschinen.de\\\/wp-content\\\/uploads\\\/2022\\\/09\\\/sb_odenwald_hilft_2.jpeg\",\"width\":997,\"height\":459},{\"@type\":\"BreadcrumbList\",\"@id\":\"https:\\\/\\\/schuetz-baumaschinen.de\\\/?p=314#breadcrumb\",\"itemListElement\":[{\"@type\":\"ListItem\",\"position\":1,\"name\":\"Startseite\",\"item\":\"https:\\\/\\\/schuetz-baumaschinen.de\\\/\"},{\"@type\":\"ListItem\",\"position\":2,\"name\":\"Der Odenwald hilft!\"}]},{\"@type\":\"WebSite\",\"@id\":\"https:\\\/\\\/schuetz-baumaschinen.de\\\/#website\",\"url\":\"https:\\\/\\\/schuetz-baumaschinen.de\\\/\",\"name\":\"Sch\u00fctz Baumaschinen\",\"description\":\"Die Profis rund ums Bauger\u00e4t\",\"publisher\":{\"@id\":\"https:\\\/\\\/schuetz-baumaschinen.de\\\/#organization\"},\"potentialAction\":[{\"@type\":\"SearchAction\",\"target\":{\"@type\":\"EntryPoint\",\"urlTemplate\":\"https:\\\/\\\/schuetz-baumaschinen.de\\\/?s={search_term_string}\"},\"query-input\":{\"@type\":\"PropertyValueSpecification\",\"valueRequired\":true,\"valueName\":\"search_term_string\"}}],\"inLanguage\":\"de\"},{\"@type\":\"Organization\",\"@id\":\"https:\\\/\\\/schuetz-baumaschinen.de\\\/#organization\",\"name\":\"Sch\u00fctz Baumaschinen\",\"url\":\"https:\\\/\\\/schuetz-baumaschinen.de\\\/\",\"logo\":{\"@type\":\"ImageObject\",\"inLanguage\":\"de\",\"@id\":\"https:\\\/\\\/schuetz-baumaschinen.de\\\/#\\\/schema\\\/logo\\\/image\\\/\",\"url\":\"https:\\\/\\\/schuetz-baumaschinen.de\\\/wp-content\\\/uploads\\\/2022\\\/03\\\/SB-Logo-Weiss-Rot-ohne-Hintergrund-1.png\",\"contentUrl\":\"https:\\\/\\\/schuetz-baumaschinen.de\\\/wp-content\\\/uploads\\\/2022\\\/03\\\/SB-Logo-Weiss-Rot-ohne-Hintergrund-1.png\",\"width\":2289,\"height\":1121,\"caption\":\"Sch\u00fctz Baumaschinen\"},\"image\":{\"@id\":\"https:\\\/\\\/schuetz-baumaschinen.de\\\/#\\\/schema\\\/logo\\\/image\\\/\"}},{\"@type\":\"Person\",\"@id\":\"https:\\\/\\\/schuetz-baumaschinen.de\\\/#\\\/schema\\\/person\\\/c6bedc95c149aa0d37e2e5fdcc30f1e1\",\"name\":\"admin\",\"image\":{\"@type\":\"ImageObject\",\"inLanguage\":\"de\",\"@id\":\"https:\\\/\\\/secure.gravatar.com\\\/avatar\\\/268c6ff22d3e2aa76c8d1eecd0b4e32f60d22c8524697f5b5476a911a2638e88?s=96&d=mm&r=g\",\"url\":\"https:\\\/\\\/secure.gravatar.com\\\/avatar\\\/268c6ff22d3e2aa76c8d1eecd0b4e32f60d22c8524697f5b5476a911a2638e88?s=96&d=mm&r=g\",\"contentUrl\":\"https:\\\/\\\/secure.gravatar.com\\\/avatar\\\/268c6ff22d3e2aa76c8d1eecd0b4e32f60d22c8524697f5b5476a911a2638e88?s=96&d=mm&r=g\",\"caption\":\"admin\"},\"url\":\"https:\\\/\\\/schuetz-baumaschinen.de\\\/?author=1\"}]}<\/script>\n<!-- \/ Yoast SEO plugin. -->","yoast_head_json":{"title":"Der Odenwald hilft! - Sch\u00fctz Baumaschinen","description":"Im Rahmen des Festes der Odenwald Hilft, haben wir einen Teil unseres Fuhrparks rund um Bagger und Anh\u00e4nger ausgestellt.","robots":{"index":"index","follow":"follow","max-snippet":"max-snippet:-1","max-image-preview":"max-image-preview:large","max-video-preview":"max-video-preview:-1"},"canonical":"https:\/\/schuetz-baumaschinen.de\/?p=314","og_locale":"de_DE","og_type":"article","og_title":"Der Odenwald hilft! - Sch\u00fctz Baumaschinen","og_description":"Im Rahmen des Festes der Odenwald Hilft, haben wir einen Teil unseres Fuhrparks rund um Bagger und Anh\u00e4nger ausgestellt.","og_url":"https:\/\/schuetz-baumaschinen.de\/?p=314","og_site_name":"Sch\u00fctz Baumaschinen","article_published_time":"2022-09-26T18:45:23+00:00","article_modified_time":"2022-09-26T19:04:25+00:00","og_image":[{"url":"https:\/\/schuetz-baumaschinen.de\/wp-content\/uploads\/2022\/09\/sb_odenwald_hilft_2.jpeg","type":"","width":"","height":""}],"author":"admin","twitter_card":"summary_large_image","twitter_misc":{"Verfasst von":"admin","Gesch\u00e4tzte Lesezeit":"1\u00a0Minute"},"schema":{"@context":"https:\/\/schema.org","@graph":[{"@type":"Article","@id":"https:\/\/schuetz-baumaschinen.de\/?p=314#article","isPartOf":{"@id":"https:\/\/schuetz-baumaschinen.de\/?p=314"},"author":{"name":"admin","@id":"https:\/\/schuetz-baumaschinen.de\/#\/schema\/person\/c6bedc95c149aa0d37e2e5fdcc30f1e1"},"headline":"Der Odenwald hilft!","datePublished":"2022-09-26T18:45:23+00:00","dateModified":"2022-09-26T19:04:25+00:00","mainEntityOfPage":{"@id":"https:\/\/schuetz-baumaschinen.de\/?p=314"},"wordCount":111,"commentCount":0,"publisher":{"@id":"https:\/\/schuetz-baumaschinen.de\/#organization"},"image":{"@id":"https:\/\/schuetz-baumaschinen.de\/?p=314#primaryimage"},"thumbnailUrl":"https:\/\/schuetz-baumaschinen.de\/wp-content\/uploads\/2022\/09\/sb_odenwald_hilft_2.jpeg","articleSection":["Hauptseite"],"inLanguage":"de","potentialAction":[{"@type":"CommentAction","name":"Comment","target":["https:\/\/schuetz-baumaschinen.de\/?p=314#respond"]}]},{"@type":"WebPage","@id":"https:\/\/schuetz-baumaschinen.de\/?p=314","url":"https:\/\/schuetz-baumaschinen.de\/?p=314","name":"Der Odenwald hilft! - Sch\u00fctz Baumaschinen","isPartOf":{"@id":"https:\/\/schuetz-baumaschinen.de\/#website"},"primaryImageOfPage":{"@id":"https:\/\/schuetz-baumaschinen.de\/?p=314#primaryimage"},"image":{"@id":"https:\/\/schuetz-baumaschinen.de\/?p=314#primaryimage"},"thumbnailUrl":"https:\/\/schuetz-baumaschinen.de\/wp-content\/uploads\/2022\/09\/sb_odenwald_hilft_2.jpeg","datePublished":"2022-09-26T18:45:23+00:00","dateModified":"2022-09-26T19:04:25+00:00","description":"Im Rahmen des Festes der Odenwald Hilft, haben wir einen Teil unseres Fuhrparks rund um Bagger und Anh\u00e4nger ausgestellt.","breadcrumb":{"@id":"https:\/\/schuetz-baumaschinen.de\/?p=314#breadcrumb"},"inLanguage":"de","potentialAction":[{"@type":"ReadAction","target":["https:\/\/schuetz-baumaschinen.de\/?p=314"]}]},{"@type":"ImageObject","inLanguage":"de","@id":"https:\/\/schuetz-baumaschinen.de\/?p=314#primaryimage","url":"https:\/\/schuetz-baumaschinen.de\/wp-content\/uploads\/2022\/09\/sb_odenwald_hilft_2.jpeg","contentUrl":"https:\/\/schuetz-baumaschinen.de\/wp-content\/uploads\/2022\/09\/sb_odenwald_hilft_2.jpeg","width":997,"height":459},{"@type":"BreadcrumbList","@id":"https:\/\/schuetz-baumaschinen.de\/?p=314#breadcrumb","itemListElement":[{"@type":"ListItem","position":1,"name":"Startseite","item":"https:\/\/schuetz-baumaschinen.de\/"},{"@type":"ListItem","position":2,"name":"Der Odenwald hilft!"}]},{"@type":"WebSite","@id":"https:\/\/schuetz-baumaschinen.de\/#website","url":"https:\/\/schuetz-baumaschinen.de\/","name":"Sch\u00fctz Baumaschinen","description":"Die Profis rund ums Bauger\u00e4t","publisher":{"@id":"https:\/\/schuetz-baumaschinen.de\/#organization"},"potentialAction":[{"@type":"SearchAction","target":{"@type":"EntryPoint","urlTemplate":"https:\/\/schuetz-baumaschinen.de\/?s={search_term_string}"},"query-input":{"@type":"PropertyValueSpecification","valueRequired":true,"valueName":"search_term_string"}}],"inLanguage":"de"},{"@type":"Organization","@id":"https:\/\/schuetz-baumaschinen.de\/#organization","name":"Sch\u00fctz Baumaschinen","url":"https:\/\/schuetz-baumaschinen.de\/","logo":{"@type":"ImageObject","inLanguage":"de","@id":"https:\/\/schuetz-baumaschinen.de\/#\/schema\/logo\/image\/","url":"https:\/\/schuetz-baumaschinen.de\/wp-content\/uploads\/2022\/03\/SB-Logo-Weiss-Rot-ohne-Hintergrund-1.png","contentUrl":"https:\/\/schuetz-baumaschinen.de\/wp-content\/uploads\/2022\/03\/SB-Logo-Weiss-Rot-ohne-Hintergrund-1.png","width":2289,"height":1121,"caption":"Sch\u00fctz Baumaschinen"},"image":{"@id":"https:\/\/schuetz-baumaschinen.de\/#\/schema\/logo\/image\/"}},{"@type":"Person","@id":"https:\/\/schuetz-baumaschinen.de\/#\/schema\/person\/c6bedc95c149aa0d37e2e5fdcc30f1e1","name":"admin","image":{"@type":"ImageObject","inLanguage":"de","@id":"https:\/\/secure.gravatar.com\/avatar\/268c6ff22d3e2aa76c8d1eecd0b4e32f60d22c8524697f5b5476a911a2638e88?s=96&d=mm&r=g","url":"https:\/\/secure.gravatar.com\/avatar\/268c6ff22d3e2aa76c8d1eecd0b4e32f60d22c8524697f5b5476a911a2638e88?s=96&d=mm&r=g","contentUrl":"https:\/\/secure.gravatar.com\/avatar\/268c6ff22d3e2aa76c8d1eecd0b4e32f60d22c8524697f5b5476a911a2638e88?s=96&d=mm&r=g","caption":"admin"},"url":"https:\/\/schuetz-baumaschinen.de\/?author=1"}]}},"_links":{"self":[{"href":"https:\/\/schuetz-baumaschinen.de\/index.php?rest_route=\/wp\/v2\/posts\/314","targetHints":{"allow":["GET"]}}],"collection":[{"href":"https:\/\/schuetz-baumaschinen.de\/index.php?rest_route=\/wp\/v2\/posts"}],"about":[{"href":"https:\/\/schuetz-baumaschinen.de\/index.php?rest_route=\/wp\/v2\/types\/post"}],"author":[{"embeddable":true,"href":"https:\/\/schuetz-baumaschinen.de\/index.php?rest_route=\/wp\/v2\/users\/1"}],"replies":[{"embeddable":true,"href":"https:\/\/schuetz-baumaschinen.de\/index.php?rest_route=%2Fwp%2Fv2%2Fcomments&post=314"}],"version-history":[{"count":3,"href":"https:\/\/schuetz-baumaschinen.de\/index.php?rest_route=\/wp\/v2\/posts\/314\/revisions"}],"predecessor-version":[{"id":323,"href":"https:\/\/schuetz-baumaschinen.de\/index.php?rest_route=\/wp\/v2\/posts\/314\/revisions\/323"}],"wp:attachment":[{"href":"https:\/\/schuetz-baumaschinen.de\/index.php?rest_route=%2Fwp%2Fv2%2Fmedia&parent=314"}],"wp:term":[{"taxonomy":"category","embeddable":true,"href":"https:\/\/schuetz-baumaschinen.de\/index.php?rest_route=%2Fwp%2Fv2%2Fcategories&post=314"},{"taxonomy":"post_tag","embeddable":true,"href":"https:\/\/schuetz-baumaschinen.de\/index.php?rest_route=%2Fwp%2Fv2%2Ftags&post=314"}],"curies":[{"name":"wp","href":"https:\/\/api.w.org\/{rel}","templated":true}]}}